{"id":4199,"date":"2016-02-24T12:46:34","date_gmt":"2016-02-24T11:46:34","guid":{"rendered":"https:\/\/estudi6.com\/?p=4199"},"modified":"2018-01-10T12:18:43","modified_gmt":"2018-01-10T11:18:43","slug":"formacion-para-la-integracion-social-y-cultural-de-inmigrantes-en-las-islas-baleares-ib3-noticies","status":"publish","type":"post","link":"https:\/\/estudi6.com\/es\/formacion-para-la-integracion-social-y-cultural-de-inmigrantes-en-las-islas-baleares-ib3-noticies\/","title":{"rendered":"FORMACI\u00d3N PARA LA INTEGRACI\u00d3N SOCIAL Y CULTURAL DE INMIGRANTES EN LAS ISLAS BALEARES \/ IB3 noticies"},"content":{"rendered":"<p>Reportaje sobre los cursos de integraci\u00f3n social y cultural que se organizan desde el centro de informaci\u00f3n i orientaci\u00f3n para la inmigraci\u00f3n &#8220;OFIM Mallorca&#8221;, titularidad del Govern de les Illes Balears, gestionado por Estudi6.<\/p>\n<p><em>Im\u00e1genes cedidas por IB3 noticies.<\/em><\/p>\n<p>&nbsp;<\/p>\n<div class=\"video-container\"><iframe loading=\"lazy\" width=\"1170\" height=\"658\" src=\"https:\/\/www.youtube.com\/embed\/V5BtyrjKqIc?feature=oembed\" frameborder=\"0\" allowfullscreen><\/iframe><\/div>\n","protected":false},"excerpt":{"rendered":"<p>Reportaje sobre los cursos de integraci\u00f3n social y cultural que se organizan desde el centro de informaci\u00f3n i orientaci\u00f3n para la inmigraci\u00f3n &#8220;OFIM Mallorca&#8221;, titularidad del Govern de les Illes Balears, gestionado por Estudi6. Im\u00e1genes cedidas por IB3 noticies. &nbsp;<\/p>\n","protected":false},"author":2,"featured_media":4090,"comment_status":"closed","ping_status":"closed","sticky":false,"template":"","format":"video","meta":{"footnotes":""},"categories":[78],"tags":[121,120,123,122,119,124],"class_list":["post-4199","post","type-post","status-publish","format-video","has-post-thumbnail","hentry","category-actualidad","tag-asesoramiento","tag-ib3","tag-informacion","tag-inmigracion","tag-ofim","tag-permiso-de-residencia","post_format-post-format-video"],"_links":{"self":[{"href":"https:\/\/estudi6.com\/es\/wp-json\/wp\/v2\/posts\/4199","targetHints":{"allow":["GET"]}}],"collection":[{"href":"https:\/\/estudi6.com\/es\/wp-json\/wp\/v2\/posts"}],"about":[{"href":"https:\/\/estudi6.com\/es\/wp-json\/wp\/v2\/types\/post"}],"author":[{"embeddable":true,"href":"https:\/\/estudi6.com\/es\/wp-json\/wp\/v2\/users\/2"}],"replies":[{"embeddable":true,"href":"https:\/\/estudi6.com\/es\/wp-json\/wp\/v2\/comments?post=4199"}],"version-history":[{"count":1,"href":"https:\/\/estudi6.com\/es\/wp-json\/wp\/v2\/posts\/4199\/revisions"}],"predecessor-version":[{"id":4200,"href":"https:\/\/estudi6.com\/es\/wp-json\/wp\/v2\/posts\/4199\/revisions\/4200"}],"wp:featuredmedia":[{"embeddable":true,"href":"https:\/\/estudi6.com\/es\/wp-json\/wp\/v2\/media\/4090"}],"wp:attachment":[{"href":"https:\/\/estudi6.com\/es\/wp-json\/wp\/v2\/media?parent=4199"}],"wp:term":[{"taxonomy":"category","embeddable":true,"href":"https:\/\/estudi6.com\/es\/wp-json\/wp\/v2\/categories?post=4199"},{"taxonomy":"post_tag","embeddable":true,"href":"https:\/\/estudi6.com\/es\/wp-json\/wp\/v2\/tags?post=4199"}],"curies":[{"name":"wp","href":"https:\/\/api.w.org\/{rel}","templated":true}]}}