{"id":7281,"date":"2022-05-28T10:13:03","date_gmt":"2022-05-28T09:13:03","guid":{"rendered":"https:\/\/estudi6.com\/?p=7281"},"modified":"2022-11-11T10:40:57","modified_gmt":"2022-11-11T09:40:57","slug":"ruta-literaria-sal-de-vida","status":"publish","type":"post","link":"https:\/\/estudi6.com\/es\/ruta-literaria-sal-de-vida\/","title":{"rendered":"Ruta literaria \u201cSal de vida\u201d"},"content":{"rendered":"<div class=\"wpb-content-wrapper\"><p>[vc_row][vc_column][vc_column_text]Desde la Biblioteca de Cala de Bou del Ayuntamiento de San Jos\u00e9 de sa Talaia, gestionada por ESTUDI 6, el s\u00e1bado d\u00eda 28 de mayo, realizamos la ruta literaria \u201cSal de vida\u201d a cargo de David Ribas, bibliotecario de la biblioteca e historiador, un paseo familiar en el que los participantes aprendieron la historia salinera de la isla as\u00ed como otros aspectos medioambientales, hist\u00f3ricos y patrimoniales claves.<\/p>\n<p>Visitaron la torre de la Sal Rossa y la restauraci\u00f3n de la plaza de la Sal que se encuentra en la Xanga y acabamos explicando la estancia de la escritora Maria Teresa Le\u00f3n y el poeta Rafael Alberti en la isla, frente a la cueva donde se refugiaron el verano de 1936.<\/p>\n<p>Adem\u00e1s, los m\u00e1s peque\u00f1os y peque\u00f1as pudieron realizar actividades sobre la lectura del libro Quin giro!, de Joan Amor\u00f3s, una lectura que se puede encontrar en la biblioteca, que se desarrolla en Ses Salines y que trata el tema de la importancia de el aprecio y cuidado por la isla y el planeta.[\/vc_column_text][\/vc_column][\/vc_row][vc_row][vc_column][vc_single_image image=&#8221;7259&#8243; img_size=&#8221;full&#8221;][\/vc_column][\/vc_row]<\/p>\n<\/div>","protected":false},"excerpt":{"rendered":"<p>[vc_row][vc_column][vc_column_text]Desde la Biblioteca de Cala de Bou del Ayuntamiento de San Jos\u00e9 de sa Talaia, gestionada por ESTUDI 6, el s\u00e1bado d\u00eda 28 de mayo, realizamos la ruta literaria \u201cSal de vida\u201d a cargo de David Ribas, bibliotecario de la biblioteca e historiador, un paseo familiar en el que los participantes aprendieron la historia salinera [&hellip;]<\/p>\n","protected":false},"author":2,"featured_media":7258,"comment_status":"closed","ping_status":"open","sticky":false,"template":"","format":"standard","meta":{"footnotes":""},"categories":[78],"tags":[],"class_list":["post-7281","post","type-post","status-publish","format-standard","has-post-thumbnail","hentry","category-actualidad"],"_links":{"self":[{"href":"https:\/\/estudi6.com\/es\/wp-json\/wp\/v2\/posts\/7281","targetHints":{"allow":["GET"]}}],"collection":[{"href":"https:\/\/estudi6.com\/es\/wp-json\/wp\/v2\/posts"}],"about":[{"href":"https:\/\/estudi6.com\/es\/wp-json\/wp\/v2\/types\/post"}],"author":[{"embeddable":true,"href":"https:\/\/estudi6.com\/es\/wp-json\/wp\/v2\/users\/2"}],"replies":[{"embeddable":true,"href":"https:\/\/estudi6.com\/es\/wp-json\/wp\/v2\/comments?post=7281"}],"version-history":[{"count":2,"href":"https:\/\/estudi6.com\/es\/wp-json\/wp\/v2\/posts\/7281\/revisions"}],"predecessor-version":[{"id":7283,"href":"https:\/\/estudi6.com\/es\/wp-json\/wp\/v2\/posts\/7281\/revisions\/7283"}],"wp:featuredmedia":[{"embeddable":true,"href":"https:\/\/estudi6.com\/es\/wp-json\/wp\/v2\/media\/7258"}],"wp:attachment":[{"href":"https:\/\/estudi6.com\/es\/wp-json\/wp\/v2\/media?parent=7281"}],"wp:term":[{"taxonomy":"category","embeddable":true,"href":"https:\/\/estudi6.com\/es\/wp-json\/wp\/v2\/categories?post=7281"},{"taxonomy":"post_tag","embeddable":true,"href":"https:\/\/estudi6.com\/es\/wp-json\/wp\/v2\/tags?post=7281"}],"curies":[{"name":"wp","href":"https:\/\/api.w.org\/{rel}","templated":true}]}}