{"id":7600,"date":"2023-12-11T11:48:00","date_gmt":"2023-12-11T10:48:00","guid":{"rendered":"https:\/\/estudi6.com\/?p=7600"},"modified":"2024-05-23T08:46:29","modified_gmt":"2024-05-23T07:46:29","slug":"la-escoleta-es-pouet-estrena-gestion-con-el-reto-de-superar-sus-problemas-economicos","status":"publish","type":"post","link":"https:\/\/estudi6.com\/es\/la-escoleta-es-pouet-estrena-gestion-con-el-reto-de-superar-sus-problemas-economicos\/","title":{"rendered":"La \u2018escoleta\u2019 Es Pouet estrena gesti\u00f3n con el reto de superar sus problemas econ\u00f3micos"},"content":{"rendered":"<div class=\"wpb-content-wrapper\"><p>[vc_row][vc_column][vc_column_text]<\/p>\n<p class=\"post-subtitle\"><strong>Estudi 6 se compromete a que todas las trabajadores del centro educativo de Alaior mantendr\u00e1n su puesto de trabajo<\/strong><\/p>\n<p>La empresa mallorquina\u00a0<strong>Estudi 6 Gesti\u00f3 Socioeducativa SL<\/strong>\u00a0se hace cargo desde este mes de diciembre de la gesti\u00f3n de la\u00a0<a href=\"https:\/\/www.menorca.info\/etiqueta\/escoleta.html?utm_source=inline-tag&amp;utm_medium=web\">escoleta<\/a>\u00a0infantil\u00a0<a href=\"https:\/\/www.menorca.info\/etiqueta\/Es+Pouet.html?utm_source=inline-tag&amp;utm_medium=web\">Es Pouet<\/a>\u00a0de Alaior. El encargo se prolongar\u00e1 durante lo que queda de este curso y los dos siguientes, con<strong>\u00a0un presupuesto estimado de 1,87 millones de euros<\/strong>.<\/p>\n<div id=\"post-text-hidden\" class=\"prometeo-hideable\">\n<p>El Ayuntamiento ha logrado adjudicar al tercer intento un servicio p\u00fablico esencial que se ha visto envuelto en la pol\u00e9mica en los \u00faltimos meses por los\u00a0<strong>problemas econ\u00f3micos de la anterior concesionaria<\/strong>, la UTE Es Pouet, y que deriv\u00f3 en una huelga de tres d\u00edas de todas las maestras por retrasos e impago de los n\u00fameros.<\/p>\n<h4><\/h4>\n<h4>Una elecci\u00f3n entre tres<\/h4>\n<p>Es Pouet ser\u00e1 el centro de educaci\u00f3n infantil n\u00famero 16 que pasa a gestionar Estudi 6 en Balears. Se ha adjudicado el concurso de Alaior frente a los otros dos aspirantes que se hab\u00edan postulado, la Fundaci\u00f3 Pere Tarr\u00e9s que gestiona las \u2018escoletes\u2019 de Ma\u00f3 y Enequip Serveis Integrals SL.<\/p>\n<p>Miquela Roig, directora de proyectos educativos de Estudi 6, se ha comprometido con el alcalde, Jos\u00e9 Luis Benejam, a mantener la estructura actual de Es Pouet, de manera que<strong>\u00a0todas sus trabajadores mantendr\u00e1n sus puestos de trabajo<\/strong>, al tiempo que aspiran a mejorar el servicio.<\/p>\n<div id=\"entreparrafos\" class=\"entre-parrafos\"><\/div>\n<p>El\u00a0<a href=\"https:\/\/www.menorca.info\/etiqueta\/Ayuntamiento+de+Alaior.html?utm_source=inline-tag&amp;utm_medium=web\">Ayuntamiento de Alaior<\/a>\u00a0destaca tambi\u00e9n la experiencia de la concesionaria en la gesti\u00f3n de escuelas de m\u00fasica, bibliotecas y otros equipamientos culturales p\u00fablicos.<\/p>\n<div data-it=\"078220bc-74b9-42d8-a4d3-27321233be13\" data-device=\"desktop\" data-index=\"0\"><\/div>\n<div id=\"sm-it-main-container-1702460527632\" class=\"sm-it-main-container\" data-it=\"078220bc-74b9-42d8-a4d3-27321233be13\" data-device=\"desktop\" data-index=\"0\"><\/div>\n<\/div>\n<p>[\/vc_column_text][\/vc_column][\/vc_row][vc_row][vc_column][vc_btn title=&#8221; Continuar llegint l&#8217;article&#8221; style=&#8221;custom&#8221; custom_background=&#8221;#960758&#8243; custom_text=&#8221;#ffffff&#8221; size=&#8221;lg&#8221; i_align=&#8221;right&#8221; i_icon_fontawesome=&#8221;fa fa-file-text-o&#8221; link=&#8221;url:https%3A%2F%2Fwww.menorca.info%2Fmenorca%2Flocal%2F2023%2F12%2F01%2F2061213%2Fescoleta-pouet-estrena-gestion-reto-superar-problemas-economicos.html||target:%20_blank|rel:nofollow&#8221; add_icon=&#8221;true&#8221;][\/vc_column][\/vc_row]<\/p>\n<\/div>","protected":false},"excerpt":{"rendered":"<p>[vc_row][vc_column][vc_column_text] Estudi 6 se compromete a que todas las trabajadores del centro educativo de Alaior mantendr\u00e1n su puesto de trabajo La empresa mallorquina\u00a0Estudi 6 Gesti\u00f3 Socioeducativa SL\u00a0se hace cargo desde este mes de diciembre de la gesti\u00f3n de la\u00a0escoleta\u00a0infantil\u00a0Es Pouet\u00a0de Alaior. El encargo se prolongar\u00e1 durante lo que queda de este curso y los dos [&hellip;]<\/p>\n","protected":false},"author":2,"featured_media":7548,"comment_status":"closed","ping_status":"open","sticky":false,"template":"","format":"standard","meta":{"footnotes":""},"categories":[78],"tags":[216],"class_list":["post-7600","post","type-post","status-publish","format-standard","has-post-thumbnail","hentry","category-actualidad","tag-diari-menorca-es"],"_links":{"self":[{"href":"https:\/\/estudi6.com\/es\/wp-json\/wp\/v2\/posts\/7600","targetHints":{"allow":["GET"]}}],"collection":[{"href":"https:\/\/estudi6.com\/es\/wp-json\/wp\/v2\/posts"}],"about":[{"href":"https:\/\/estudi6.com\/es\/wp-json\/wp\/v2\/types\/post"}],"author":[{"embeddable":true,"href":"https:\/\/estudi6.com\/es\/wp-json\/wp\/v2\/users\/2"}],"replies":[{"embeddable":true,"href":"https:\/\/estudi6.com\/es\/wp-json\/wp\/v2\/comments?post=7600"}],"version-history":[{"count":2,"href":"https:\/\/estudi6.com\/es\/wp-json\/wp\/v2\/posts\/7600\/revisions"}],"predecessor-version":[{"id":7602,"href":"https:\/\/estudi6.com\/es\/wp-json\/wp\/v2\/posts\/7600\/revisions\/7602"}],"wp:featuredmedia":[{"embeddable":true,"href":"https:\/\/estudi6.com\/es\/wp-json\/wp\/v2\/media\/7548"}],"wp:attachment":[{"href":"https:\/\/estudi6.com\/es\/wp-json\/wp\/v2\/media?parent=7600"}],"wp:term":[{"taxonomy":"category","embeddable":true,"href":"https:\/\/estudi6.com\/es\/wp-json\/wp\/v2\/categories?post=7600"},{"taxonomy":"post_tag","embeddable":true,"href":"https:\/\/estudi6.com\/es\/wp-json\/wp\/v2\/tags?post=7600"}],"curies":[{"name":"wp","href":"https:\/\/api.w.org\/{rel}","templated":true}]}}